{"id":3035,"date":"2024-09-29T10:40:14","date_gmt":"2024-09-29T10:40:14","guid":{"rendered":"https:\/\/www.congresespectadorsbcn.org\/9-profesionales-del-sector-de-las-artes-escenicas-integran-el-consejo-asesor-internacional-del-congreso\/"},"modified":"2024-10-23T05:40:23","modified_gmt":"2024-10-23T05:40:23","slug":"9-profesionales-del-sector-de-las-artes-escenicas-integran-el-consejo-asesor-internacional-del-congreso","status":"publish","type":"post","link":"https:\/\/www.congresespectadorsbcn.org\/es\/9-profesionales-del-sector-de-las-artes-escenicas-integran-el-consejo-asesor-internacional-del-congreso\/","title":{"rendered":"9 profesionales del sector de las artes esc\u00e9nicas integran el Consejo Asesor Internacional del Congreso"},"content":{"rendered":"\n<p><\/p>\n<figure class=\"wp-block-post-featured-image\"><img loading=\"lazy\" decoding=\"async\" width=\"987\" height=\"387\" src=\"https:\/\/www.congresespectadorsbcn.org\/wp-content\/uploads\/2024\/09\/Captura-de-pantalla-2024-10-23-073959.png\" class=\"attachment-post-thumbnail size-post-thumbnail wp-post-image\" alt=\"\" style=\"object-fit:cover;\" srcset=\"https:\/\/www.congresespectadorsbcn.org\/wp-content\/uploads\/2024\/09\/Captura-de-pantalla-2024-10-23-073959.png 987w, https:\/\/www.congresespectadorsbcn.org\/wp-content\/uploads\/2024\/09\/Captura-de-pantalla-2024-10-23-073959-300x118.png 300w, https:\/\/www.congresespectadorsbcn.org\/wp-content\/uploads\/2024\/09\/Captura-de-pantalla-2024-10-23-073959-800x314.png 800w\" sizes=\"auto, (max-width: 987px) 100vw, 987px\" \/><\/figure>\n<p>El <strong>Consejo Asesor Internacional<\/strong> del II Congreso Internacional de Espectadores de Teatro est\u00e1 formado por profesionales de reconocido prestigio en el sector de las artes esc\u00e9nicas:&#13;\n&#13;\nNatalia \u00c1lvarez Sim\u00f3, directora art\u00edstica del Centro Cultural Conde Duque (Madrid)&#13;\n&#13;\nKate Carter, directora de p\u00fablicos del Edinburgh International Festival (Reino Unido)&#13;\n&#13;\nLucie Hass, directora de relaci\u00f3n con los espectadores del Festival de Avi\u00f1\u00f3n (Francia)&#13;\n&#13;\nPamela L\u00f3pez, soc\u00eda fundadora de la agencia de gesti\u00f3n cultural PLAZ (Chile)&#13;\n&#13;\nFederico Iraz\u00e1bal, director art\u00edstico del FIBA \u200b\u200b- Festival Iberoamericano de Buenos Aires (Argentina)&#13;\n&#13;\nJudit Mart\u00ednez Gili, espectadora teatral y gestora cultural y cr\u00edtica teatral (Barcelona)&#13;\n&#13;\nMoez Mrabet, director del Teatro Nacional (T\u00fanez)&#13;\n&#13;\nLuca Ricci, director art\u00edstico del Kilowatt Festival (Italia)&#13;\n&#13;\nSasapin Siriwanji, directora art\u00edstica del BIPAM &#8211; Bangkok International Performing Arts Meeting (Tailandia)&#13;\n&#13;\nDesde su constituci\u00f3n el pasado mes de diciembre, la funci\u00f3n fundamental del Consejo Asesor es la de validar la selecci\u00f3n de espectadores invitados, as\u00ed como los contenidos y expertos internacionales que participar\u00e1n en el Congreso. Hasta noviembre, los encuentros peri\u00f3dicos son online. Pero todos sus miembros estar\u00e1n presentes presencialmente en el Congreso y participar\u00e1n en el programa.&#13;\n&#13;\nM\u00e1s informaci\u00f3n en el apartado \u00abComunidad\u00bb de la web.<\/p>\n\n<ul class=\"wp-block-list\">\n<li><strong>Natalia \u00c1lvarez Sim\u00f3<\/strong>, directora art\u00edstica del <a href=\"https:\/\/www.condeduquemadrid.es\/\">Centro Cultural Conde Duque<\/a> (Madrid)<\/li>\n\n\n\n<li><strong>Kate Carter<\/strong>, directora de p\u00fablicos del <a href=\"https:\/\/www.eif.co.uk\/\">Edinburgh International Festival<\/a> (Reino Unido)<\/li>\n\n\n\n<li><strong>Lucie Hass<\/strong>, directora de relaci\u00f3n con los espectadores del <a href=\"https:\/\/festival-avignon.com\/\">Festival d&#8217;Avignon<\/a> (Francia)<\/li>\n\n\n\n<li><strong>Pamela L\u00f3pez<\/strong>, socia fundadora de la agencia de gesti\u00f3n cultural <a href=\"https:\/\/plazgestion.com\/\">PLAZ<\/a> (Chile)<\/li>\n\n\n\n<li><strong>Federico Iraz\u00e1bal<\/strong>, director art\u00edstico del <a href=\"https:\/\/fiba.ar\/\">FIBA &#8211; Festival Iberoamericano de Buenos Aires<\/a> (Argentina)<\/li>\n\n\n\n<li><strong>Judit Mart\u00ednez Gili<\/strong>, espectadora teatral, gestora cultural y <a href=\"https:\/\/novaveu.recomana.cat\/qui-som\/Judit-Martinez-Gili\">cr\u00edtica teatral<\/a> (Barcelona)<\/li>\n\n\n\n<li><strong>Moez Mrabet<\/strong>, director del <a href=\"http:\/\/www.openculture.gov.tn\/organization\/about\/theatre-national-tunisien\">Teatro Nacional<\/a> (T\u00fanez)<\/li>\n\n\n\n<li><strong>Luca Ricci<\/strong>, director art\u00edstico del <a href=\"https:\/\/www.kilowattfestival.it\/\">Kilowatt Festival<\/a> (Italia)<\/li>\n\n\n\n<li><strong>Sasapin Siriwanji<\/strong>, directora art\u00edstica del <a href=\"https:\/\/www.bipam.org\/\">BIPAM &#8211; Bangkok International Performing Arts Meeting<\/a> (Tailandia)<\/li>\n<\/ul>\n\n<p>Desde su constituci\u00f3n el pasado mes de diciembre, la funci\u00f3n fundamental del Consejo Asesor es la de validar la selecci\u00f3n de espectadores invitados, as\u00ed como los contenidos y expertos internacionales que participar\u00e1n en el Congreso. Hasta noviembre, los encuentros peri\u00f3dicos son online. Pero todos sus miembros estar\u00e1n presentes presencialmente en el Congreso y participar\u00e1n en el programa.&#13;\n&#13;\nM\u00e1s informaci\u00f3n en el apartado \u00ab<a href=\"https:\/\/www.congresespectadorsbcn.org\/es\/comunidad\/\">Comunidad<\/a>\u00bb de la web.<\/p>\n","protected":false},"excerpt":{"rendered":"<p>El Consejo Asesor Internacional del II Congreso Internacional de Espectadores de Teatro est\u00e1 formado por profesionales de reconocido prestigio en el sector de las artes esc\u00e9nicas:&#13; &#13; Natalia \u00c1lvarez Sim\u00f3, directora art\u00edstica del Centro Cultural Conde Duque (Madrid)&#13; &#13; Kate Carter, directora de p\u00fablicos del Edinburgh International Festival (Reino Unido)&#13; &#13; Lucie Hass, directora de<a class=\"excerpt-read-more\" href=\"https:\/\/www.congresespectadorsbcn.org\/es\/9-profesionales-del-sector-de-las-artes-escenicas-integran-el-consejo-asesor-internacional-del-congreso\/\" title=\"Leer m\u00e1s9 profesionales del sector de las artes esc\u00e9nicas integran el Consejo Asesor Internacional del Congreso\"> &#8230; Leer m\u00e1s<\/a><\/p>\n","protected":false},"author":8,"featured_media":3674,"comment_status":"closed","ping_status":"closed","sticky":true,"template":"","format":"standard","meta":{"_acf_changed":false,"_eb_attr":"","footnotes":""},"categories":[6],"class_list":["post-3035","post","type-post","status-publish","format-standard","hentry","category-noticias"],"acf":[],"yoast_head":"<!-- This site is optimized with the Yoast SEO plugin v27.5 - https:\/\/yoast.com\/product\/yoast-seo-wordpress\/ -->\n<title>9 profesionales del sector de las artes esc\u00e9nicas integran el Consejo Asesor Internacional del Congreso - Congreso Internacional de Espectadores de Teatro<\/title>\n<meta name=\"robots\" content=\"index, follow, max-snippet:-1, max-image-preview:large, max-video-preview:-1\" \/>\n<link rel=\"canonical\" href=\"https:\/\/www.congresespectadorsbcn.org\/es\/9-profesionales-del-sector-de-las-artes-escenicas-integran-el-consejo-asesor-internacional-del-congreso\/\" \/>\n<meta property=\"og:locale\" content=\"es_ES\" \/>\n<meta property=\"og:type\" content=\"article\" \/>\n<meta property=\"og:title\" content=\"9 profesionales del sector de las artes esc\u00e9nicas integran el Consejo Asesor Internacional del Congreso - Congreso Internacional de Espectadores de Teatro\" \/>\n<meta property=\"og:description\" content=\"El Consejo Asesor Internacional del II Congreso Internacional de Espectadores de Teatro est\u00e1 formado por profesionales de reconocido prestigio en el sector de las artes esc\u00e9nicas:&#013; &#013; Natalia \u00c1lvarez Sim\u00f3, directora art\u00edstica del Centro Cultural Conde Duque (Madrid)&#013; &#013; Kate Carter, directora de p\u00fablicos del Edinburgh International Festival (Reino Unido)&#013; &#013; Lucie Hass, directora de ... Leer m\u00e1s\" \/>\n<meta property=\"og:url\" content=\"https:\/\/www.congresespectadorsbcn.org\/es\/9-profesionales-del-sector-de-las-artes-escenicas-integran-el-consejo-asesor-internacional-del-congreso\/\" \/>\n<meta property=\"og:site_name\" content=\"Congreso Internacional de Espectadores de Teatro\" \/>\n<meta property=\"article:published_time\" content=\"2024-09-29T10:40:14+00:00\" \/>\n<meta property=\"article:modified_time\" content=\"2024-10-23T05:40:23+00:00\" \/>\n<meta property=\"og:image\" content=\"https:\/\/www.congresespectadorsbcn.org\/wp-content\/uploads\/2024\/09\/Captura-de-pantalla-2024-10-23-073959.png\" \/>\n\t<meta property=\"og:image:width\" content=\"987\" \/>\n\t<meta property=\"og:image:height\" content=\"387\" \/>\n\t<meta property=\"og:image:type\" content=\"image\/png\" \/>\n<meta name=\"author\" content=\"Suport CIET\" \/>\n<meta name=\"twitter:card\" content=\"summary_large_image\" \/>\n<meta name=\"twitter:label1\" content=\"Escrito por\" \/>\n\t<meta name=\"twitter:data1\" content=\"Suport CIET\" \/>\n\t<meta name=\"twitter:label2\" content=\"Tiempo de lectura\" \/>\n\t<meta name=\"twitter:data2\" content=\"2 minutos\" \/>\n<script type=\"application\/ld+json\" class=\"yoast-schema-graph\">{\"@context\":\"https:\\\/\\\/schema.org\",\"@graph\":[{\"@type\":\"Article\",\"@id\":\"https:\\\/\\\/www.congresespectadorsbcn.org\\\/es\\\/9-profesionales-del-sector-de-las-artes-escenicas-integran-el-consejo-asesor-internacional-del-congreso\\\/#article\",\"isPartOf\":{\"@id\":\"https:\\\/\\\/www.congresespectadorsbcn.org\\\/es\\\/9-profesionales-del-sector-de-las-artes-escenicas-integran-el-consejo-asesor-internacional-del-congreso\\\/\"},\"author\":{\"name\":\"Suport CIET\",\"@id\":\"https:\\\/\\\/www.congresespectadorsbcn.org\\\/es\\\/#\\\/schema\\\/person\\\/42df6983b2253791342cd3d0a0420f4c\"},\"headline\":\"9 profesionales del sector de las artes esc\u00e9nicas integran el Consejo Asesor Internacional del Congreso\",\"datePublished\":\"2024-09-29T10:40:14+00:00\",\"dateModified\":\"2024-10-23T05:40:23+00:00\",\"mainEntityOfPage\":{\"@id\":\"https:\\\/\\\/www.congresespectadorsbcn.org\\\/es\\\/9-profesionales-del-sector-de-las-artes-escenicas-integran-el-consejo-asesor-internacional-del-congreso\\\/\"},\"wordCount\":417,\"image\":{\"@id\":\"https:\\\/\\\/www.congresespectadorsbcn.org\\\/es\\\/9-profesionales-del-sector-de-las-artes-escenicas-integran-el-consejo-asesor-internacional-del-congreso\\\/#primaryimage\"},\"thumbnailUrl\":\"https:\\\/\\\/www.congresespectadorsbcn.org\\\/wp-content\\\/uploads\\\/2024\\\/09\\\/Captura-de-pantalla-2024-10-23-073959.png\",\"articleSection\":[\"Noticias\"],\"inLanguage\":\"es\"},{\"@type\":\"WebPage\",\"@id\":\"https:\\\/\\\/www.congresespectadorsbcn.org\\\/es\\\/9-profesionales-del-sector-de-las-artes-escenicas-integran-el-consejo-asesor-internacional-del-congreso\\\/\",\"url\":\"https:\\\/\\\/www.congresespectadorsbcn.org\\\/es\\\/9-profesionales-del-sector-de-las-artes-escenicas-integran-el-consejo-asesor-internacional-del-congreso\\\/\",\"name\":\"9 profesionales del sector de las artes esc\u00e9nicas integran el Consejo Asesor Internacional del Congreso - Congreso Internacional de Espectadores de Teatro\",\"isPartOf\":{\"@id\":\"https:\\\/\\\/www.congresespectadorsbcn.org\\\/es\\\/#website\"},\"primaryImageOfPage\":{\"@id\":\"https:\\\/\\\/www.congresespectadorsbcn.org\\\/es\\\/9-profesionales-del-sector-de-las-artes-escenicas-integran-el-consejo-asesor-internacional-del-congreso\\\/#primaryimage\"},\"image\":{\"@id\":\"https:\\\/\\\/www.congresespectadorsbcn.org\\\/es\\\/9-profesionales-del-sector-de-las-artes-escenicas-integran-el-consejo-asesor-internacional-del-congreso\\\/#primaryimage\"},\"thumbnailUrl\":\"https:\\\/\\\/www.congresespectadorsbcn.org\\\/wp-content\\\/uploads\\\/2024\\\/09\\\/Captura-de-pantalla-2024-10-23-073959.png\",\"datePublished\":\"2024-09-29T10:40:14+00:00\",\"dateModified\":\"2024-10-23T05:40:23+00:00\",\"author\":{\"@id\":\"https:\\\/\\\/www.congresespectadorsbcn.org\\\/es\\\/#\\\/schema\\\/person\\\/42df6983b2253791342cd3d0a0420f4c\"},\"breadcrumb\":{\"@id\":\"https:\\\/\\\/www.congresespectadorsbcn.org\\\/es\\\/9-profesionales-del-sector-de-las-artes-escenicas-integran-el-consejo-asesor-internacional-del-congreso\\\/#breadcrumb\"},\"inLanguage\":\"es\",\"potentialAction\":[{\"@type\":\"ReadAction\",\"target\":[\"https:\\\/\\\/www.congresespectadorsbcn.org\\\/es\\\/9-profesionales-del-sector-de-las-artes-escenicas-integran-el-consejo-asesor-internacional-del-congreso\\\/\"]}]},{\"@type\":\"ImageObject\",\"inLanguage\":\"es\",\"@id\":\"https:\\\/\\\/www.congresespectadorsbcn.org\\\/es\\\/9-profesionales-del-sector-de-las-artes-escenicas-integran-el-consejo-asesor-internacional-del-congreso\\\/#primaryimage\",\"url\":\"https:\\\/\\\/www.congresespectadorsbcn.org\\\/wp-content\\\/uploads\\\/2024\\\/09\\\/Captura-de-pantalla-2024-10-23-073959.png\",\"contentUrl\":\"https:\\\/\\\/www.congresespectadorsbcn.org\\\/wp-content\\\/uploads\\\/2024\\\/09\\\/Captura-de-pantalla-2024-10-23-073959.png\",\"width\":987,\"height\":387},{\"@type\":\"BreadcrumbList\",\"@id\":\"https:\\\/\\\/www.congresespectadorsbcn.org\\\/es\\\/9-profesionales-del-sector-de-las-artes-escenicas-integran-el-consejo-asesor-internacional-del-congreso\\\/#breadcrumb\",\"itemListElement\":[{\"@type\":\"ListItem\",\"position\":1,\"name\":\"Portada\",\"item\":\"https:\\\/\\\/www.congresespectadorsbcn.org\\\/es\\\/\"},{\"@type\":\"ListItem\",\"position\":2,\"name\":\"9 profesionales del sector de las artes esc\u00e9nicas integran el Consejo Asesor Internacional del Congreso\"}]},{\"@type\":\"WebSite\",\"@id\":\"https:\\\/\\\/www.congresespectadorsbcn.org\\\/es\\\/#website\",\"url\":\"https:\\\/\\\/www.congresespectadorsbcn.org\\\/es\\\/\",\"name\":\"Congreso Internacional de Espectadores de Teatro\",\"description\":\"Este no es un congreso m\u00e1s sobre los p\u00fablicos. Es el \u00fanico encuentro internacional de, por y para los espectadores y las espectadoras de teatro, que son arte y parte. Una oportunidad \u00fanica para conocer de primera mano las necesiidades, los deseos, las inquietudes, las creencias de los espectadores de artes esc\u00e9nicas\",\"potentialAction\":[{\"@type\":\"SearchAction\",\"target\":{\"@type\":\"EntryPoint\",\"urlTemplate\":\"https:\\\/\\\/www.congresespectadorsbcn.org\\\/es\\\/?s={search_term_string}\"},\"query-input\":{\"@type\":\"PropertyValueSpecification\",\"valueRequired\":true,\"valueName\":\"search_term_string\"}}],\"inLanguage\":\"es\"},{\"@type\":\"Person\",\"@id\":\"https:\\\/\\\/www.congresespectadorsbcn.org\\\/es\\\/#\\\/schema\\\/person\\\/42df6983b2253791342cd3d0a0420f4c\",\"name\":\"Suport CIET\",\"image\":{\"@type\":\"ImageObject\",\"inLanguage\":\"es\",\"@id\":\"https:\\\/\\\/secure.gravatar.com\\\/avatar\\\/12ff9ab8d8745475bfa5f93eb93403ff19078b704e72bf235f7993f419546959?s=96&d=mm&r=g\",\"url\":\"https:\\\/\\\/secure.gravatar.com\\\/avatar\\\/12ff9ab8d8745475bfa5f93eb93403ff19078b704e72bf235f7993f419546959?s=96&d=mm&r=g\",\"contentUrl\":\"https:\\\/\\\/secure.gravatar.com\\\/avatar\\\/12ff9ab8d8745475bfa5f93eb93403ff19078b704e72bf235f7993f419546959?s=96&d=mm&r=g\",\"caption\":\"Suport CIET\"},\"url\":\"https:\\\/\\\/www.congresespectadorsbcn.org\\\/es\\\/author\\\/suport-ciet\\\/\"}]}<\/script>\n<!-- \/ Yoast SEO plugin. -->","yoast_head_json":{"title":"9 profesionales del sector de las artes esc\u00e9nicas integran el Consejo Asesor Internacional del Congreso - Congreso Internacional de Espectadores de Teatro","robots":{"index":"index","follow":"follow","max-snippet":"max-snippet:-1","max-image-preview":"max-image-preview:large","max-video-preview":"max-video-preview:-1"},"canonical":"https:\/\/www.congresespectadorsbcn.org\/es\/9-profesionales-del-sector-de-las-artes-escenicas-integran-el-consejo-asesor-internacional-del-congreso\/","og_locale":"es_ES","og_type":"article","og_title":"9 profesionales del sector de las artes esc\u00e9nicas integran el Consejo Asesor Internacional del Congreso - Congreso Internacional de Espectadores de Teatro","og_description":"El Consejo Asesor Internacional del II Congreso Internacional de Espectadores de Teatro est\u00e1 formado por profesionales de reconocido prestigio en el sector de las artes esc\u00e9nicas:&#13; &#13; Natalia \u00c1lvarez Sim\u00f3, directora art\u00edstica del Centro Cultural Conde Duque (Madrid)&#13; &#13; Kate Carter, directora de p\u00fablicos del Edinburgh International Festival (Reino Unido)&#13; &#13; Lucie Hass, directora de ... Leer m\u00e1s","og_url":"https:\/\/www.congresespectadorsbcn.org\/es\/9-profesionales-del-sector-de-las-artes-escenicas-integran-el-consejo-asesor-internacional-del-congreso\/","og_site_name":"Congreso Internacional de Espectadores de Teatro","article_published_time":"2024-09-29T10:40:14+00:00","article_modified_time":"2024-10-23T05:40:23+00:00","og_image":[{"width":987,"height":387,"url":"https:\/\/www.congresespectadorsbcn.org\/wp-content\/uploads\/2024\/09\/Captura-de-pantalla-2024-10-23-073959.png","type":"image\/png"}],"author":"Suport CIET","twitter_card":"summary_large_image","twitter_misc":{"Escrito por":"Suport CIET","Tiempo de lectura":"2 minutos"},"schema":{"@context":"https:\/\/schema.org","@graph":[{"@type":"Article","@id":"https:\/\/www.congresespectadorsbcn.org\/es\/9-profesionales-del-sector-de-las-artes-escenicas-integran-el-consejo-asesor-internacional-del-congreso\/#article","isPartOf":{"@id":"https:\/\/www.congresespectadorsbcn.org\/es\/9-profesionales-del-sector-de-las-artes-escenicas-integran-el-consejo-asesor-internacional-del-congreso\/"},"author":{"name":"Suport CIET","@id":"https:\/\/www.congresespectadorsbcn.org\/es\/#\/schema\/person\/42df6983b2253791342cd3d0a0420f4c"},"headline":"9 profesionales del sector de las artes esc\u00e9nicas integran el Consejo Asesor Internacional del Congreso","datePublished":"2024-09-29T10:40:14+00:00","dateModified":"2024-10-23T05:40:23+00:00","mainEntityOfPage":{"@id":"https:\/\/www.congresespectadorsbcn.org\/es\/9-profesionales-del-sector-de-las-artes-escenicas-integran-el-consejo-asesor-internacional-del-congreso\/"},"wordCount":417,"image":{"@id":"https:\/\/www.congresespectadorsbcn.org\/es\/9-profesionales-del-sector-de-las-artes-escenicas-integran-el-consejo-asesor-internacional-del-congreso\/#primaryimage"},"thumbnailUrl":"https:\/\/www.congresespectadorsbcn.org\/wp-content\/uploads\/2024\/09\/Captura-de-pantalla-2024-10-23-073959.png","articleSection":["Noticias"],"inLanguage":"es"},{"@type":"WebPage","@id":"https:\/\/www.congresespectadorsbcn.org\/es\/9-profesionales-del-sector-de-las-artes-escenicas-integran-el-consejo-asesor-internacional-del-congreso\/","url":"https:\/\/www.congresespectadorsbcn.org\/es\/9-profesionales-del-sector-de-las-artes-escenicas-integran-el-consejo-asesor-internacional-del-congreso\/","name":"9 profesionales del sector de las artes esc\u00e9nicas integran el Consejo Asesor Internacional del Congreso - Congreso Internacional de Espectadores de Teatro","isPartOf":{"@id":"https:\/\/www.congresespectadorsbcn.org\/es\/#website"},"primaryImageOfPage":{"@id":"https:\/\/www.congresespectadorsbcn.org\/es\/9-profesionales-del-sector-de-las-artes-escenicas-integran-el-consejo-asesor-internacional-del-congreso\/#primaryimage"},"image":{"@id":"https:\/\/www.congresespectadorsbcn.org\/es\/9-profesionales-del-sector-de-las-artes-escenicas-integran-el-consejo-asesor-internacional-del-congreso\/#primaryimage"},"thumbnailUrl":"https:\/\/www.congresespectadorsbcn.org\/wp-content\/uploads\/2024\/09\/Captura-de-pantalla-2024-10-23-073959.png","datePublished":"2024-09-29T10:40:14+00:00","dateModified":"2024-10-23T05:40:23+00:00","author":{"@id":"https:\/\/www.congresespectadorsbcn.org\/es\/#\/schema\/person\/42df6983b2253791342cd3d0a0420f4c"},"breadcrumb":{"@id":"https:\/\/www.congresespectadorsbcn.org\/es\/9-profesionales-del-sector-de-las-artes-escenicas-integran-el-consejo-asesor-internacional-del-congreso\/#breadcrumb"},"inLanguage":"es","potentialAction":[{"@type":"ReadAction","target":["https:\/\/www.congresespectadorsbcn.org\/es\/9-profesionales-del-sector-de-las-artes-escenicas-integran-el-consejo-asesor-internacional-del-congreso\/"]}]},{"@type":"ImageObject","inLanguage":"es","@id":"https:\/\/www.congresespectadorsbcn.org\/es\/9-profesionales-del-sector-de-las-artes-escenicas-integran-el-consejo-asesor-internacional-del-congreso\/#primaryimage","url":"https:\/\/www.congresespectadorsbcn.org\/wp-content\/uploads\/2024\/09\/Captura-de-pantalla-2024-10-23-073959.png","contentUrl":"https:\/\/www.congresespectadorsbcn.org\/wp-content\/uploads\/2024\/09\/Captura-de-pantalla-2024-10-23-073959.png","width":987,"height":387},{"@type":"BreadcrumbList","@id":"https:\/\/www.congresespectadorsbcn.org\/es\/9-profesionales-del-sector-de-las-artes-escenicas-integran-el-consejo-asesor-internacional-del-congreso\/#breadcrumb","itemListElement":[{"@type":"ListItem","position":1,"name":"Portada","item":"https:\/\/www.congresespectadorsbcn.org\/es\/"},{"@type":"ListItem","position":2,"name":"9 profesionales del sector de las artes esc\u00e9nicas integran el Consejo Asesor Internacional del Congreso"}]},{"@type":"WebSite","@id":"https:\/\/www.congresespectadorsbcn.org\/es\/#website","url":"https:\/\/www.congresespectadorsbcn.org\/es\/","name":"Congreso Internacional de Espectadores de Teatro","description":"Este no es un congreso m\u00e1s sobre los p\u00fablicos. Es el \u00fanico encuentro internacional de, por y para los espectadores y las espectadoras de teatro, que son arte y parte. Una oportunidad \u00fanica para conocer de primera mano las necesiidades, los deseos, las inquietudes, las creencias de los espectadores de artes esc\u00e9nicas","potentialAction":[{"@type":"SearchAction","target":{"@type":"EntryPoint","urlTemplate":"https:\/\/www.congresespectadorsbcn.org\/es\/?s={search_term_string}"},"query-input":{"@type":"PropertyValueSpecification","valueRequired":true,"valueName":"search_term_string"}}],"inLanguage":"es"},{"@type":"Person","@id":"https:\/\/www.congresespectadorsbcn.org\/es\/#\/schema\/person\/42df6983b2253791342cd3d0a0420f4c","name":"Suport CIET","image":{"@type":"ImageObject","inLanguage":"es","@id":"https:\/\/secure.gravatar.com\/avatar\/12ff9ab8d8745475bfa5f93eb93403ff19078b704e72bf235f7993f419546959?s=96&d=mm&r=g","url":"https:\/\/secure.gravatar.com\/avatar\/12ff9ab8d8745475bfa5f93eb93403ff19078b704e72bf235f7993f419546959?s=96&d=mm&r=g","contentUrl":"https:\/\/secure.gravatar.com\/avatar\/12ff9ab8d8745475bfa5f93eb93403ff19078b704e72bf235f7993f419546959?s=96&d=mm&r=g","caption":"Suport CIET"},"url":"https:\/\/www.congresespectadorsbcn.org\/es\/author\/suport-ciet\/"}]}},"_links":{"self":[{"href":"https:\/\/www.congresespectadorsbcn.org\/es\/wp-json\/wp\/v2\/posts\/3035","targetHints":{"allow":["GET"]}}],"collection":[{"href":"https:\/\/www.congresespectadorsbcn.org\/es\/wp-json\/wp\/v2\/posts"}],"about":[{"href":"https:\/\/www.congresespectadorsbcn.org\/es\/wp-json\/wp\/v2\/types\/post"}],"author":[{"embeddable":true,"href":"https:\/\/www.congresespectadorsbcn.org\/es\/wp-json\/wp\/v2\/users\/8"}],"replies":[{"embeddable":true,"href":"https:\/\/www.congresespectadorsbcn.org\/es\/wp-json\/wp\/v2\/comments?post=3035"}],"version-history":[{"count":5,"href":"https:\/\/www.congresespectadorsbcn.org\/es\/wp-json\/wp\/v2\/posts\/3035\/revisions"}],"predecessor-version":[{"id":3677,"href":"https:\/\/www.congresespectadorsbcn.org\/es\/wp-json\/wp\/v2\/posts\/3035\/revisions\/3677"}],"wp:featuredmedia":[{"embeddable":true,"href":"https:\/\/www.congresespectadorsbcn.org\/es\/wp-json\/wp\/v2\/media\/3674"}],"wp:attachment":[{"href":"https:\/\/www.congresespectadorsbcn.org\/es\/wp-json\/wp\/v2\/media?parent=3035"}],"wp:term":[{"taxonomy":"category","embeddable":true,"href":"https:\/\/www.congresespectadorsbcn.org\/es\/wp-json\/wp\/v2\/categories?post=3035"}],"curies":[{"name":"wp","href":"https:\/\/api.w.org\/{rel}","templated":true}]}}